{"id":400,"date":"2024-03-20T02:40:07","date_gmt":"2024-03-20T01:40:07","guid":{"rendered":"https:\/\/www.hayat.dk\/da-dk\/nyheder\/?p=400"},"modified":"2024-03-20T02:40:07","modified_gmt":"2024-03-20T01:40:07","slug":"tvillingeforaeldre-faar-13-ugers-ekstra-orlov","status":"publish","type":"post","link":"https:\/\/www.hayat.dk\/da-dk\/danmark\/tvillingeforaeldre-faar-13-ugers-ekstra-orlov\/400\/","title":{"rendered":"Tvillingefor\u00e6ldre f\u00e5r 13 ugers ekstra orlov"},"content":{"rendered":"<p>For\u00e6ldre til tvillinger kan fra 1. maj i \u00e5r se frem til bedre orlovsvilk\u00e5r. Samlet bliver der 26 ekstra orlovsuger med barselsdagpenge til at v\u00e6nne sig til den nye hverdag og skabe mere ro i den f\u00f8rste tid.<\/p>\n<p>Besk\u00e6ftigelsesminister Ane Halsboe-J\u00f8rgensen siger:<\/p>\n<p>&#8211; Det er en ekstra stor mundfuld, n\u00e5r der ikke bare kommer et, men to sp\u00e6db\u00f8rn i familien p\u00e5 samme tid. Nu sikrer vi, at der bliver bedre tid til at f\u00e5 styr p\u00e5 hverdagen.<\/p>\n<p>&#8211; Hvert \u00e5r st\u00e5r for\u00e6ldrene til omkring 1.000 tvillingepar i en lykkelig men ogs\u00e5 sv\u00e6r situation. Det har v\u00e6ret en vigtig prioritet for regeringen og aftalepartierne at give dem bedre vilk\u00e5r.<\/p>\n<p>De nye regler udspringer fra den politiske aftale, som regeringen (Socialdemokratiet, Venstre og Moderaterne) og Socialistisk Folkeparti, Liberal Alliance, Radikale Venstre og Dansk Folkeparti indgik som en del af finansloven for 2023.<\/p>\n<p>De 26 ugers ekstra orlov med 13 uger til hver for\u00e6lder skal afholdes, inden b\u00f8rnene fylder 1 \u00e5r. Reglerne omfatter alle for\u00e6ldre, der f\u00e5r to eller flere b\u00f8rn ved samme f\u00f8dsel eller adoption. P\u00e5 den m\u00e5de vil de nye regler erstatte de g\u00e6ldende regler om ekstra orlov til for\u00e6ldre, der f\u00e5r tre eller flere b\u00f8rn ved samme f\u00f8dsel.<\/p>\n","protected":false},"excerpt":{"rendered":"<p>Et enigt Folketing har tirsdag besluttet at give hver for\u00e6lder til tvillinger 13 ugers ekstra orlov.<\/p>\n","protected":false},"author":2,"featured_media":402,"comment_status":"closed","ping_status":"open","sticky":false,"template":"","format":"standard","meta":{"jnews-multi-image_gallery":[],"jnews_single_post":[],"jnews_primary_category":[],"footnotes":""},"categories":[4],"tags":[],"class_list":["post-400","post","type-post","status-publish","format-standard","has-post-thumbnail","hentry","category-danmark"],"yoast_head":"<!-- This site is optimized with the Yoast SEO plugin v27.5 - https:\/\/yoast.com\/product\/yoast-seo-wordpress\/ -->\n<title>Tvillingefor\u00e6ldre f\u00e5r 13 ugers ekstra orlov - Hayat<\/title>\n<meta name=\"description\" content=\"Et enigt Folketing har tirsdag besluttet at give hver for\u00e6lder til tvillinger 13 ugers ekstra orlov.\" \/>\n<meta name=\"robots\" content=\"index, follow, max-snippet:-1, max-image-preview:large, max-video-preview:-1\" \/>\n<link rel=\"canonical\" href=\"https:\/\/www.hayat.dk\/da-dk\/danmark\/tvillingeforaeldre-faar-13-ugers-ekstra-orlov\/400\/\" \/>\n<meta property=\"og:locale\" content=\"da_DK\" \/>\n<meta property=\"og:type\" content=\"article\" \/>\n<meta property=\"og:title\" content=\"Tvillingefor\u00e6ldre f\u00e5r 13 ugers ekstra orlov - Hayat\" \/>\n<meta property=\"og:description\" content=\"Et enigt Folketing har tirsdag besluttet at give hver for\u00e6lder til tvillinger 13 ugers ekstra orlov.\" \/>\n<meta property=\"og:url\" content=\"https:\/\/www.hayat.dk\/da-dk\/danmark\/tvillingeforaeldre-faar-13-ugers-ekstra-orlov\/400\/\" \/>\n<meta property=\"og:site_name\" content=\"Hayat\" \/>\n<meta property=\"article:published_time\" content=\"2024-03-20T01:40:07+00:00\" \/>\n<meta property=\"og:image\" content=\"https:\/\/www.hayat.dk\/da-dk\/wp-content\/uploads\/2024\/03\/ane-halsboe-joergensen.jpg\" \/>\n\t<meta property=\"og:image:width\" content=\"1260\" \/>\n\t<meta property=\"og:image:height\" content=\"840\" \/>\n\t<meta property=\"og:image:type\" content=\"image\/jpeg\" \/>\n<meta name=\"author\" content=\"Hayat\" \/>\n<meta name=\"twitter:card\" content=\"summary_large_image\" \/>\n<meta name=\"twitter:label1\" content=\"Skrevet af\" \/>\n\t<meta name=\"twitter:data1\" content=\"Hayat\" \/>\n\t<meta name=\"twitter:label2\" content=\"Estimeret l\u00e6setid\" \/>\n\t<meta name=\"twitter:data2\" content=\"1 minut\" \/>\n<script type=\"application\/ld+json\" class=\"yoast-schema-graph\">{\"@context\":\"https:\\\/\\\/schema.org\",\"@graph\":[{\"@type\":\"NewsArticle\",\"@id\":\"https:\\\/\\\/www.hayat.dk\\\/da-dk\\\/danmark\\\/tvillingeforaeldre-faar-13-ugers-ekstra-orlov\\\/400\\\/#article\",\"isPartOf\":{\"@id\":\"https:\\\/\\\/www.hayat.dk\\\/da-dk\\\/danmark\\\/tvillingeforaeldre-faar-13-ugers-ekstra-orlov\\\/400\\\/\"},\"author\":{\"name\":\"Hayat\",\"@id\":\"https:\\\/\\\/www.hayat.dk\\\/da-dk\\\/#\\\/schema\\\/person\\\/cda18be6a217b84bdc85ee9d321455e5\"},\"headline\":\"Tvillingefor\u00e6ldre f\u00e5r 13 ugers ekstra orlov\",\"datePublished\":\"2024-03-20T01:40:07+00:00\",\"mainEntityOfPage\":{\"@id\":\"https:\\\/\\\/www.hayat.dk\\\/da-dk\\\/danmark\\\/tvillingeforaeldre-faar-13-ugers-ekstra-orlov\\\/400\\\/\"},\"wordCount\":224,\"publisher\":{\"@id\":\"https:\\\/\\\/www.hayat.dk\\\/da-dk\\\/#organization\"},\"image\":{\"@id\":\"https:\\\/\\\/www.hayat.dk\\\/da-dk\\\/danmark\\\/tvillingeforaeldre-faar-13-ugers-ekstra-orlov\\\/400\\\/#primaryimage\"},\"thumbnailUrl\":\"https:\\\/\\\/www.hayat.dk\\\/da-dk\\\/wp-content\\\/uploads\\\/2024\\\/03\\\/ane-halsboe-joergensen.jpg\",\"articleSection\":[\"Danmark\"],\"inLanguage\":\"da-DK\"},{\"@type\":\"WebPage\",\"@id\":\"https:\\\/\\\/www.hayat.dk\\\/da-dk\\\/danmark\\\/tvillingeforaeldre-faar-13-ugers-ekstra-orlov\\\/400\\\/\",\"url\":\"https:\\\/\\\/www.hayat.dk\\\/da-dk\\\/danmark\\\/tvillingeforaeldre-faar-13-ugers-ekstra-orlov\\\/400\\\/\",\"name\":\"Tvillingefor\u00e6ldre f\u00e5r 13 ugers ekstra orlov - Hayat\",\"isPartOf\":{\"@id\":\"https:\\\/\\\/www.hayat.dk\\\/da-dk\\\/#website\"},\"primaryImageOfPage\":{\"@id\":\"https:\\\/\\\/www.hayat.dk\\\/da-dk\\\/danmark\\\/tvillingeforaeldre-faar-13-ugers-ekstra-orlov\\\/400\\\/#primaryimage\"},\"image\":{\"@id\":\"https:\\\/\\\/www.hayat.dk\\\/da-dk\\\/danmark\\\/tvillingeforaeldre-faar-13-ugers-ekstra-orlov\\\/400\\\/#primaryimage\"},\"thumbnailUrl\":\"https:\\\/\\\/www.hayat.dk\\\/da-dk\\\/wp-content\\\/uploads\\\/2024\\\/03\\\/ane-halsboe-joergensen.jpg\",\"datePublished\":\"2024-03-20T01:40:07+00:00\",\"description\":\"Et enigt Folketing har tirsdag besluttet at give hver for\u00e6lder til tvillinger 13 ugers ekstra orlov.\",\"breadcrumb\":{\"@id\":\"https:\\\/\\\/www.hayat.dk\\\/da-dk\\\/danmark\\\/tvillingeforaeldre-faar-13-ugers-ekstra-orlov\\\/400\\\/#breadcrumb\"},\"inLanguage\":\"da-DK\",\"potentialAction\":[{\"@type\":\"ReadAction\",\"target\":[\"https:\\\/\\\/www.hayat.dk\\\/da-dk\\\/danmark\\\/tvillingeforaeldre-faar-13-ugers-ekstra-orlov\\\/400\\\/\"]}]},{\"@type\":\"ImageObject\",\"inLanguage\":\"da-DK\",\"@id\":\"https:\\\/\\\/www.hayat.dk\\\/da-dk\\\/danmark\\\/tvillingeforaeldre-faar-13-ugers-ekstra-orlov\\\/400\\\/#primaryimage\",\"url\":\"https:\\\/\\\/www.hayat.dk\\\/da-dk\\\/wp-content\\\/uploads\\\/2024\\\/03\\\/ane-halsboe-joergensen.jpg\",\"contentUrl\":\"https:\\\/\\\/www.hayat.dk\\\/da-dk\\\/wp-content\\\/uploads\\\/2024\\\/03\\\/ane-halsboe-joergensen.jpg\",\"width\":1260,\"height\":840,\"caption\":\"Besk\u00e6ftigelsesminister Ane Halsboe-J\u00f8rgensen. Fotograf: Marie Hald\"},{\"@type\":\"BreadcrumbList\",\"@id\":\"https:\\\/\\\/www.hayat.dk\\\/da-dk\\\/danmark\\\/tvillingeforaeldre-faar-13-ugers-ekstra-orlov\\\/400\\\/#breadcrumb\",\"itemListElement\":[{\"@type\":\"ListItem\",\"position\":1,\"name\":\"Hayat\",\"item\":\"https:\\\/\\\/www.hayat.dk\\\/da-dk\\\/\"},{\"@type\":\"ListItem\",\"position\":2,\"name\":\"Danmark\",\"item\":\"https:\\\/\\\/www.hayat.dk\\\/da-dk\\\/danmark\\\/\"},{\"@type\":\"ListItem\",\"position\":3,\"name\":\"Tvillingefor\u00e6ldre f\u00e5r 13 ugers ekstra orlov\"}]},{\"@type\":\"WebSite\",\"@id\":\"https:\\\/\\\/www.hayat.dk\\\/da-dk\\\/#website\",\"url\":\"https:\\\/\\\/www.hayat.dk\\\/da-dk\\\/\",\"name\":\"Hayat\",\"description\":\"\",\"publisher\":{\"@id\":\"https:\\\/\\\/www.hayat.dk\\\/da-dk\\\/#organization\"},\"potentialAction\":[{\"@type\":\"SearchAction\",\"target\":{\"@type\":\"EntryPoint\",\"urlTemplate\":\"https:\\\/\\\/www.hayat.dk\\\/da-dk\\\/?s={search_term_string}\"},\"query-input\":{\"@type\":\"PropertyValueSpecification\",\"valueRequired\":true,\"valueName\":\"search_term_string\"}}],\"inLanguage\":\"da-DK\"},{\"@type\":\"Organization\",\"@id\":\"https:\\\/\\\/www.hayat.dk\\\/da-dk\\\/#organization\",\"name\":\"Hayat\",\"url\":\"https:\\\/\\\/www.hayat.dk\\\/da-dk\\\/\",\"logo\":{\"@type\":\"ImageObject\",\"inLanguage\":\"da-DK\",\"@id\":\"https:\\\/\\\/www.hayat.dk\\\/da-dk\\\/#\\\/schema\\\/logo\\\/image\\\/\",\"url\":\"https:\\\/\\\/www.hayat.dk\\\/da-dk\\\/wp-content\\\/uploads\\\/2023\\\/12\\\/hayat-logo-280X96.webp\",\"contentUrl\":\"https:\\\/\\\/www.hayat.dk\\\/da-dk\\\/wp-content\\\/uploads\\\/2023\\\/12\\\/hayat-logo-280X96.webp\",\"width\":280,\"height\":96,\"caption\":\"Hayat\"},\"image\":{\"@id\":\"https:\\\/\\\/www.hayat.dk\\\/da-dk\\\/#\\\/schema\\\/logo\\\/image\\\/\"}},{\"@type\":\"Person\",\"@id\":\"https:\\\/\\\/www.hayat.dk\\\/da-dk\\\/#\\\/schema\\\/person\\\/cda18be6a217b84bdc85ee9d321455e5\",\"name\":\"Hayat\",\"url\":\"https:\\\/\\\/www.hayat.dk\\\/da-dk\\\/author\\\/hayat\\\/\"}]}<\/script>\n<!-- \/ Yoast SEO plugin. -->","yoast_head_json":{"title":"Tvillingefor\u00e6ldre f\u00e5r 13 ugers ekstra orlov - Hayat","description":"Et enigt Folketing har tirsdag besluttet at give hver for\u00e6lder til tvillinger 13 ugers ekstra orlov.","robots":{"index":"index","follow":"follow","max-snippet":"max-snippet:-1","max-image-preview":"max-image-preview:large","max-video-preview":"max-video-preview:-1"},"canonical":"https:\/\/www.hayat.dk\/da-dk\/danmark\/tvillingeforaeldre-faar-13-ugers-ekstra-orlov\/400\/","og_locale":"da_DK","og_type":"article","og_title":"Tvillingefor\u00e6ldre f\u00e5r 13 ugers ekstra orlov - Hayat","og_description":"Et enigt Folketing har tirsdag besluttet at give hver for\u00e6lder til tvillinger 13 ugers ekstra orlov.","og_url":"https:\/\/www.hayat.dk\/da-dk\/danmark\/tvillingeforaeldre-faar-13-ugers-ekstra-orlov\/400\/","og_site_name":"Hayat","article_published_time":"2024-03-20T01:40:07+00:00","og_image":[{"width":1260,"height":840,"url":"https:\/\/www.hayat.dk\/da-dk\/wp-content\/uploads\/2024\/03\/ane-halsboe-joergensen.jpg","type":"image\/jpeg"}],"author":"Hayat","twitter_card":"summary_large_image","twitter_misc":{"Skrevet af":"Hayat","Estimeret l\u00e6setid":"1 minut"},"schema":{"@context":"https:\/\/schema.org","@graph":[{"@type":"NewsArticle","@id":"https:\/\/www.hayat.dk\/da-dk\/danmark\/tvillingeforaeldre-faar-13-ugers-ekstra-orlov\/400\/#article","isPartOf":{"@id":"https:\/\/www.hayat.dk\/da-dk\/danmark\/tvillingeforaeldre-faar-13-ugers-ekstra-orlov\/400\/"},"author":{"name":"Hayat","@id":"https:\/\/www.hayat.dk\/da-dk\/#\/schema\/person\/cda18be6a217b84bdc85ee9d321455e5"},"headline":"Tvillingefor\u00e6ldre f\u00e5r 13 ugers ekstra orlov","datePublished":"2024-03-20T01:40:07+00:00","mainEntityOfPage":{"@id":"https:\/\/www.hayat.dk\/da-dk\/danmark\/tvillingeforaeldre-faar-13-ugers-ekstra-orlov\/400\/"},"wordCount":224,"publisher":{"@id":"https:\/\/www.hayat.dk\/da-dk\/#organization"},"image":{"@id":"https:\/\/www.hayat.dk\/da-dk\/danmark\/tvillingeforaeldre-faar-13-ugers-ekstra-orlov\/400\/#primaryimage"},"thumbnailUrl":"https:\/\/www.hayat.dk\/da-dk\/wp-content\/uploads\/2024\/03\/ane-halsboe-joergensen.jpg","articleSection":["Danmark"],"inLanguage":"da-DK"},{"@type":"WebPage","@id":"https:\/\/www.hayat.dk\/da-dk\/danmark\/tvillingeforaeldre-faar-13-ugers-ekstra-orlov\/400\/","url":"https:\/\/www.hayat.dk\/da-dk\/danmark\/tvillingeforaeldre-faar-13-ugers-ekstra-orlov\/400\/","name":"Tvillingefor\u00e6ldre f\u00e5r 13 ugers ekstra orlov - Hayat","isPartOf":{"@id":"https:\/\/www.hayat.dk\/da-dk\/#website"},"primaryImageOfPage":{"@id":"https:\/\/www.hayat.dk\/da-dk\/danmark\/tvillingeforaeldre-faar-13-ugers-ekstra-orlov\/400\/#primaryimage"},"image":{"@id":"https:\/\/www.hayat.dk\/da-dk\/danmark\/tvillingeforaeldre-faar-13-ugers-ekstra-orlov\/400\/#primaryimage"},"thumbnailUrl":"https:\/\/www.hayat.dk\/da-dk\/wp-content\/uploads\/2024\/03\/ane-halsboe-joergensen.jpg","datePublished":"2024-03-20T01:40:07+00:00","description":"Et enigt Folketing har tirsdag besluttet at give hver for\u00e6lder til tvillinger 13 ugers ekstra orlov.","breadcrumb":{"@id":"https:\/\/www.hayat.dk\/da-dk\/danmark\/tvillingeforaeldre-faar-13-ugers-ekstra-orlov\/400\/#breadcrumb"},"inLanguage":"da-DK","potentialAction":[{"@type":"ReadAction","target":["https:\/\/www.hayat.dk\/da-dk\/danmark\/tvillingeforaeldre-faar-13-ugers-ekstra-orlov\/400\/"]}]},{"@type":"ImageObject","inLanguage":"da-DK","@id":"https:\/\/www.hayat.dk\/da-dk\/danmark\/tvillingeforaeldre-faar-13-ugers-ekstra-orlov\/400\/#primaryimage","url":"https:\/\/www.hayat.dk\/da-dk\/wp-content\/uploads\/2024\/03\/ane-halsboe-joergensen.jpg","contentUrl":"https:\/\/www.hayat.dk\/da-dk\/wp-content\/uploads\/2024\/03\/ane-halsboe-joergensen.jpg","width":1260,"height":840,"caption":"Besk\u00e6ftigelsesminister Ane Halsboe-J\u00f8rgensen. Fotograf: Marie Hald"},{"@type":"BreadcrumbList","@id":"https:\/\/www.hayat.dk\/da-dk\/danmark\/tvillingeforaeldre-faar-13-ugers-ekstra-orlov\/400\/#breadcrumb","itemListElement":[{"@type":"ListItem","position":1,"name":"Hayat","item":"https:\/\/www.hayat.dk\/da-dk\/"},{"@type":"ListItem","position":2,"name":"Danmark","item":"https:\/\/www.hayat.dk\/da-dk\/danmark\/"},{"@type":"ListItem","position":3,"name":"Tvillingefor\u00e6ldre f\u00e5r 13 ugers ekstra orlov"}]},{"@type":"WebSite","@id":"https:\/\/www.hayat.dk\/da-dk\/#website","url":"https:\/\/www.hayat.dk\/da-dk\/","name":"Hayat","description":"","publisher":{"@id":"https:\/\/www.hayat.dk\/da-dk\/#organization"},"potentialAction":[{"@type":"SearchAction","target":{"@type":"EntryPoint","urlTemplate":"https:\/\/www.hayat.dk\/da-dk\/?s={search_term_string}"},"query-input":{"@type":"PropertyValueSpecification","valueRequired":true,"valueName":"search_term_string"}}],"inLanguage":"da-DK"},{"@type":"Organization","@id":"https:\/\/www.hayat.dk\/da-dk\/#organization","name":"Hayat","url":"https:\/\/www.hayat.dk\/da-dk\/","logo":{"@type":"ImageObject","inLanguage":"da-DK","@id":"https:\/\/www.hayat.dk\/da-dk\/#\/schema\/logo\/image\/","url":"https:\/\/www.hayat.dk\/da-dk\/wp-content\/uploads\/2023\/12\/hayat-logo-280X96.webp","contentUrl":"https:\/\/www.hayat.dk\/da-dk\/wp-content\/uploads\/2023\/12\/hayat-logo-280X96.webp","width":280,"height":96,"caption":"Hayat"},"image":{"@id":"https:\/\/www.hayat.dk\/da-dk\/#\/schema\/logo\/image\/"}},{"@type":"Person","@id":"https:\/\/www.hayat.dk\/da-dk\/#\/schema\/person\/cda18be6a217b84bdc85ee9d321455e5","name":"Hayat","url":"https:\/\/www.hayat.dk\/da-dk\/author\/hayat\/"}]}},"_links":{"self":[{"href":"https:\/\/www.hayat.dk\/da-dk\/wp-json\/wp\/v2\/posts\/400","targetHints":{"allow":["GET"]}}],"collection":[{"href":"https:\/\/www.hayat.dk\/da-dk\/wp-json\/wp\/v2\/posts"}],"about":[{"href":"https:\/\/www.hayat.dk\/da-dk\/wp-json\/wp\/v2\/types\/post"}],"author":[{"embeddable":true,"href":"https:\/\/www.hayat.dk\/da-dk\/wp-json\/wp\/v2\/users\/2"}],"replies":[{"embeddable":true,"href":"https:\/\/www.hayat.dk\/da-dk\/wp-json\/wp\/v2\/comments?post=400"}],"version-history":[{"count":1,"href":"https:\/\/www.hayat.dk\/da-dk\/wp-json\/wp\/v2\/posts\/400\/revisions"}],"predecessor-version":[{"id":2025,"href":"https:\/\/www.hayat.dk\/da-dk\/wp-json\/wp\/v2\/posts\/400\/revisions\/2025"}],"wp:featuredmedia":[{"embeddable":true,"href":"https:\/\/www.hayat.dk\/da-dk\/wp-json\/wp\/v2\/media\/402"}],"wp:attachment":[{"href":"https:\/\/www.hayat.dk\/da-dk\/wp-json\/wp\/v2\/media?parent=400"}],"wp:term":[{"taxonomy":"category","embeddable":true,"href":"https:\/\/www.hayat.dk\/da-dk\/wp-json\/wp\/v2\/categories?post=400"},{"taxonomy":"post_tag","embeddable":true,"href":"https:\/\/www.hayat.dk\/da-dk\/wp-json\/wp\/v2\/tags?post=400"}],"curies":[{"name":"wp","href":"https:\/\/api.w.org\/{rel}","templated":true}]}}